{"id":444,"date":"2022-06-10T09:34:40","date_gmt":"2022-06-10T07:34:40","guid":{"rendered":"https:\/\/tinyhouses.travel\/?p=444"},"modified":"2025-02-28T11:46:16","modified_gmt":"2025-02-28T09:46:16","slug":"tiny-house-je-maly-mobilny-dom-ktory-si-zamilujete","status":"publish","type":"post","link":"https:\/\/tinyhouses.travel\/hu\/tiny-house-je-maly-mobilny-dom-ktory-si-zamilujete\/","title":{"rendered":"A Tiny house egy kis mobilh\u00e1z, amelybe beleszeret"},"content":{"rendered":"<p><em>Hallott\u00e1l m\u00e1r a kis h\u00e1zr\u00f3l? Ez a kompakt megold\u00e1s a klasszikus csal\u00e1di h\u00e1zak teljes \u00e9rt\u00e9k\u0171 alternat\u00edv\u00e1ja, sz\u00e1mos tov\u00e1bbi el\u0151nnyel. Az \u00e9let egy apr\u00f3 h\u00e1zban a szabads\u00e1g, a rugalmass\u00e1g \u00e9s az el\u00e9gedetts\u00e9g szinonim\u00e1ja. Ez a kis mobilh\u00e1z a minimalizmus \u00e9s a maxim\u00e1lis helykihaszn\u00e1l\u00e1s vonal\u00e1t k\u00f6veti. Besz\u00e9lj\u00fcnk ink\u00e1bb r\u00f3la.<\/em><\/p>\r\n\r\n\r\n\r\n<h2 class=\"wp-block-heading\">Mi az a kis h\u00e1z?<\/h2>\r\n\r\n\r\n\r\n<p>A kis h\u00e1z c\u00edmke alatt van elrejtve <strong>kis mobilh\u00e1z<\/strong>. Ez \u00f6npuszt\u00edt\u00f3 \u00e9letv\u00e1laszt\u00e1s <strong>szabads\u00e1g a k\u00e9nyelemmel<\/strong> teljesen felszerelt h\u00e1ztart\u00e1s. Az apr\u00f3 h\u00e1zban minden megtal\u00e1lhat\u00f3, ami a napi m\u0171k\u00f6d\u00e9shez sz\u00fcks\u00e9ges. Konyha, f\u00fcrd\u0151szoba, hely a pihen\u00e9sre \u00e9s a munk\u00e1ra. <strong>Mindezt kicsi, kompakt kivitelben.<\/strong><\/p>\r\n\r\n\r\n\r\n<p>Egy szabv\u00e1nyos kis h\u00e1z legfeljebb 50 m2 alapter\u00fclet\u0171, sz\u00fcks\u00e9g eset\u00e9n teljesen vagy r\u00e9szben \u00f6nell\u00e1t\u00f3 <a href=\"https:\/\/tinyhouses.travel\/hu\/blog\/ake-su-vlastnosti-tiny-house\/\">mozg\u00f3<\/a> (rendsz\u00e1mos rendsz\u00e1m\u00fa, rendesen regisztr\u00e1lt j\u00e1rm\u0171r\u0151l van sz\u00f3) \u00e9s \u00fagy m\u0171k\u00f6dik <strong>eg\u00e9sz \u00e9vben lakhat\u00f3 h\u00e1ztart\u00e1s.\u00a0<\/strong><\/p>\r\n\r\n\r\n\r\n<p>M\u00e9g van is <strong>az apr\u00f3 h\u00e1zmozgalom<\/strong>. Filoz\u00f3fi\u00e1ja az, hogy boldog \u00e9letet \u00e9lj\u00fcnk csak olyan anyagi javakkal, amelyekre val\u00f3ban sz\u00fcks\u00e9g\u00fcnk van. Visszat\u00e9rni a l\u00e9nyeghez, \u00e9s nem veszni magunkat haszontalan dolgokkal, amelyeknek nincs \u00e9rt\u00e9ke sz\u00e1munkra. Ugyanakkor egy pici h\u00e1zban \u00e9lni o <strong>maxim\u00e1lis helykihaszn\u00e1l\u00e1s k\u00e9nyelmetlens\u00e9g \u00e9rz\u00e9se n\u00e9lk\u00fcl.<\/strong><\/p>\r\n\r\n\r\n\r\n<h2 class=\"wp-block-heading\">Mi az \u00e1ra egy kis h\u00e1znak?<\/h2>\r\n\r\n\r\n\r\n<p>Egy apr\u00f3 h\u00e1z \u00e1ra t\u00edpusonk\u00e9nt v\u00e1ltozik <a href=\"https:\/\/tinyhouses.travel\/hu\/male-mobilne-domy\/\">te v\u00e1lasztod ki a modellt.<\/a> Az egyes t\u00edpusok k\u00fcl\u00f6nb\u00f6znek egym\u00e1st\u00f3l <strong>a helyis\u00e9gek m\u00e9rete, elrendez\u00e9se \u00e9s funkcionalit\u00e1sa,<\/strong> amit k\u00edn\u00e1lnak. Portf\u00f3li\u00f3nkban 42 360 eur\u00f3t\u00f3l tal\u00e1l apr\u00f3 h\u00e1zakat \u00c1FA-val.\u00a0<\/p>\r\n\r\n\r\n\r\n<p>Term\u00e9szetesen a Mooblehouse apr\u00f3 h\u00e1z\u00e1nak v\u00e9gs\u0151 \u00e1ra att\u00f3l f\u00fcgg <strong>az \u00d6n ig\u00e9nyeit\u0151l.<\/strong> Meggy\u0151z\u0151d\u00e9s\u00fcnk, hogy kicsiben \u00e9s k\u00f6z\u00f6sen megval\u00f3s\u00edthatjuk a boldog \u00e9letr\u0151l alkotott elk\u00e9pzel\u00e9seit <strong>az \u00d6n ig\u00e9nyeire szabott megold\u00e1st tal\u00e1lunk.<\/strong><\/p>\r\n\r\n\r\n\r\n<h2 class=\"wp-block-heading\">A kis h\u00e1z el\u0151nyei<\/h2>\r\n\r\n\r\n\r\n<p>Ha elk\u00f6lt\u00f6zik, mag\u00e1val viheti otthon\u00e1t. \u00cdgy tudn\u00e1nk meghat\u00e1rozni a kis h\u00e1z tal\u00e1n legnagyobb el\u0151ny\u00e9t - <strong>mobilit\u00e1s.<\/strong><\/p>\r\n\r\n\r\n\r\n<p>Ha munkahelyet v\u00e1lt, vagy belef\u00e1rad abba, hogy minden nap ugyanazt a k\u00f6rnyezetet n\u00e9zze, <strong>\u00f6sszek\u00f6t\u00f6d a h\u00e1zadat az aut\u00f3ddal \u00e9s k\u00f6lt\u00f6z\u00f6l<\/strong>. Ez t\u00e9nyleg ilyen egyszer\u0171. Ezt <strong>szabads\u00e1g<\/strong> ez sok ember sz\u00e1m\u00e1ra vonz\u00f3, \u00e9s gyakran ez a f\u0151 oka annak, hogy az emberek apr\u00f3 h\u00e1zat v\u00e1s\u00e1rolnak. Vannak, akik szeretn\u00e9nek vil\u00e1got l\u00e1tni, min\u00e9l t\u00f6bbet utazni, de m\u00e9gis van hol otthonuk nevezni.<strong> Az apr\u00f3 h\u00e1z a v\u00e1lasz.<\/strong><\/p>\r\n\r\n\r\n\r\n<p>Ez az apr\u00f3 mobilh\u00e1z azt jelenti, hogy csak egy\u00fctt \u00e9l\u00fcnk <a href=\"https:\/\/tinyhouses.travel\/hu\/blog\/minimalisticky-styl-byvania-aky-to-je\/\">amire sz\u00fcks\u00e9ge van \u00e9s amire sz\u00fcks\u00e9ge van<\/a>. Az apr\u00f3 h\u00e1z nemcsak forma, hanem filoz\u00f3fia is. M\u0171k\u00f6dj kevesebb anyagi javakkal, \u00e9lj egyszer\u0171 \u00e9letet, \u00f6sszpontos\u00edtva a dolgokra<strong> ami igaz\u00e1n fontos.<\/strong> K\u00f6zelebbi kapcsolatba ker\u00fclni a term\u00e9szettel. Er\u0151s\u00edtse meg a kapcsolatokat szeretteivel. R\u00f6viden -<strong> \u00e9lj boldog \u00e9letet, \u00e9s rendezd a priorit\u00e1saidat.<\/strong><\/p>\r\n\r\n\r\n\r\n<p>V\u00e9g\u00fcl, de nem utols\u00f3sorban az apr\u00f3 h\u00e1z is <strong>z\u00f6ld, \u00f6kol\u00f3giai megold\u00e1s.<\/strong> Egyre t\u00f6bben kezdik bel\u00e1tni, hogy nem kezelhetj\u00fck tov\u00e1bbra is \u00fagy a bolyg\u00f3t, ahogyan most tessz\u00fck. <strong>\u00d3ri\u00e1si negat\u00edv hat\u00e1s,<\/strong> A v\u00e9gtelen n\u00f6veked\u00e9sre \u00f6sszpontos\u00edt\u00f3 t\u00e1rsadalmunk a k\u00f6rnyezetre gyakorolt hat\u00e1sa tagadhatatlan.\u00a0\u00a0<\/p>\r\n\r\n\r\n\r\n<p>Az emberek v\u00e1ltoz\u00e1st akarnak <strong>eg\u00e9szs\u00e9ges k\u00f6rnyezetet \u00e9s tiszta leveg\u0151t akarnak<\/strong> \u00f6nmagad\u00e9rt \u00e9s szeretteid\u00e9rt. Azzal, hogy a lehet\u0151 legfenntarthat\u00f3bb m\u00f3don \u00e9lnek apr\u00f3 h\u00e1zukban, \u00e9s cs\u00f6kkentik sz\u00e9nl\u00e1bnyomukat, pozit\u00edv p\u00e9ld\u00e1t mutatnak m\u00e1soknak. Ez a kis mobilh\u00e1z teljesen off-grid megold\u00e1sban is el\u00e9rhet\u0151, minim\u00e1lis sz\u00e9nl\u00e1bnyommal \u00e9s <strong>teljesen \u00f6nell\u00e1t\u00f3.<\/strong><\/p>\r\n\r\n\r\n\r\n<p>Egy kis h\u00e1zban \u00e9lni k\u00f6rnyezetbar\u00e1t \u00e9s fenntarthat\u00f3 an\u00e9lk\u00fcl, hogy elvesz\u00edten\u00e9 k\u00e9nyelm\u00e9t. Igaz, hogy egy pici h\u00e1zban \u00e9l <strong>termelni fogsz<\/strong> <strong>kevesebb hullad\u00e9kot \u00e9s kevesebb energi\u00e1t \u00e9s vizet haszn\u00e1l<\/strong> mint egy norm\u00e1lis h\u00e1zban, ehhez nem f\u00e9r k\u00e9ts\u00e9g.\u00a0<\/p>\r\n\r\n\r\n\r\n<p><em>Ha b\u00e1rmilyen k\u00e9rd\u00e9se van az apr\u00f3 h\u00e1zakkal kapcsolatban, vagy szeretn\u00e9 kipr\u00f3b\u00e1lni, ne habozzon kapcsolatba l\u00e9pni vel\u00fcnk <\/em><a href=\"https:\/\/tinyhouses.travel\/hu\/kontakt\/\"><em>kapcsolatba l\u00e9pni.<\/em><\/a><em> Sz\u00edvesen v\u00e1laszolunk minden k\u00e9rd\u00e9s\u00e9re, \u00e9s szeretettel megh\u00edvjuk bemutat\u00f3term\u00fcnkbe a fest\u0151i Lipt\u00f3 k\u00f6rny\u00e9k\u00e9n.<\/em><\/p>","protected":false},"excerpt":{"rendered":"<p>Minimalizmus a maxim\u00e1lna funk\u010dnos\u0165 v ohrani\u010denom priestore. To s\u00fa slov\u00e1, ktor\u00fdmi by sme mohli najlep\u0161ie a najjednoduch\u0161ie op\u00edsa\u0165 podstatu Tiny House.<\/p>","protected":false},"author":3,"featured_media":1453,"comment_status":"closed","ping_status":"closed","sticky":false,"template":"","format":"standard","meta":{"footnotes":""},"categories":[12],"tags":[],"class_list":["post-444","post","type-post","status-publish","format-standard","has-post-thumbnail","hentry","category-blog"],"acf":[],"_links":{"self":[{"href":"https:\/\/tinyhouses.travel\/hu\/wp-json\/wp\/v2\/posts\/444","targetHints":{"allow":["GET"]}}],"collection":[{"href":"https:\/\/tinyhouses.travel\/hu\/wp-json\/wp\/v2\/posts"}],"about":[{"href":"https:\/\/tinyhouses.travel\/hu\/wp-json\/wp\/v2\/types\/post"}],"author":[{"embeddable":true,"href":"https:\/\/tinyhouses.travel\/hu\/wp-json\/wp\/v2\/users\/3"}],"replies":[{"embeddable":true,"href":"https:\/\/tinyhouses.travel\/hu\/wp-json\/wp\/v2\/comments?post=444"}],"version-history":[{"count":3,"href":"https:\/\/tinyhouses.travel\/hu\/wp-json\/wp\/v2\/posts\/444\/revisions"}],"predecessor-version":[{"id":3500,"href":"https:\/\/tinyhouses.travel\/hu\/wp-json\/wp\/v2\/posts\/444\/revisions\/3500"}],"wp:featuredmedia":[{"embeddable":true,"href":"https:\/\/tinyhouses.travel\/hu\/wp-json\/wp\/v2\/media\/1453"}],"wp:attachment":[{"href":"https:\/\/tinyhouses.travel\/hu\/wp-json\/wp\/v2\/media?parent=444"}],"wp:term":[{"taxonomy":"category","embeddable":true,"href":"https:\/\/tinyhouses.travel\/hu\/wp-json\/wp\/v2\/categories?post=444"},{"taxonomy":"post_tag","embeddable":true,"href":"https:\/\/tinyhouses.travel\/hu\/wp-json\/wp\/v2\/tags?post=444"}],"curies":[{"name":"wp","href":"https:\/\/api.w.org\/{rel}","templated":true}]}}